{"id":6381,"date":"2023-04-03T11:54:00","date_gmt":"2023-04-03T08:54:00","guid":{"rendered":"https:\/\/ln.fdmicmimarlik.com\/practical-design-tips-for-small-spaces\/"},"modified":"2024-08-25T09:43:54","modified_gmt":"2024-08-25T06:43:54","slug":"kucuk-mekanlar-icin-pratik-tasarim-onerileri","status":"publish","type":"post","link":"https:\/\/www.fdmicmimarlik.com\/tr\/kucuk-mekanlar-icin-pratik-tasarim-onerileri\/","title":{"rendered":"K\u00fc\u00e7\u00fck Mekanlar i\u00e7in Pratik Tasar\u0131m \u00d6nerileri: Alan\u0131n\u0131z\u0131 Maksimuma \u00c7\u0131kar\u0131n"},"content":{"rendered":"\t\t<div data-elementor-type=\"wp-post\" data-elementor-id=\"6381\" class=\"elementor elementor-6381 elementor-5327\" data-elementor-post-type=\"post\">\n\t\t\t\t\t\t<section class=\"elementor-section elementor-top-section elementor-element elementor-element-60a93e30 elementor-section-boxed elementor-section-height-default elementor-section-height-default\" data-id=\"60a93e30\" data-element_type=\"section\">\n\t\t\t\t\t\t<div class=\"elementor-container elementor-column-gap-default\">\n\t\t\t\t\t<div class=\"elementor-column elementor-col-100 elementor-top-column elementor-element elementor-element-36ce3679\" data-id=\"36ce3679\" data-element_type=\"column\">\n\t\t\t<div class=\"elementor-widget-wrap elementor-element-populated\">\n\t\t\t\t\t\t<div class=\"elementor-element elementor-element-64af3c81 elementor-widget elementor-widget-heading\" data-id=\"64af3c81\" data-element_type=\"widget\" data-widget_type=\"heading.default\">\n\t\t\t\t<div class=\"elementor-widget-container\">\n\t\t\t\t\t<h4 class=\"elementor-heading-title elementor-size-default\">Alan\u0131n\u0131z\u0131 Maksimuma \u00c7\u0131kar\u0131n<\/h4>\t\t\t\t<\/div>\n\t\t\t\t<\/div>\n\t\t\t\t<div class=\"elementor-element elementor-element-6b20bd26 elementor-widget elementor-widget-text-editor\" data-id=\"6b20bd26\" data-element_type=\"widget\" data-widget_type=\"text-editor.default\">\n\t\t\t\t<div class=\"elementor-widget-container\">\n\t\t\t\t\t\t\t\t\t<p>K\u00fc\u00e7\u00fck ya\u015fam alanlar\u0131, do\u011fru tasar\u0131m ve planlama ile son derece i\u015flevsel ve estetik hale getirilebilir. Alan s\u0131n\u0131rl\u0131 oldu\u011funda, yarat\u0131c\u0131 \u00e7\u00f6z\u00fcmler bulmak, mek\u00e2n\u0131 hem verimli kullanmak hem de rahat ve davetkar bir atmosfer yaratmak i\u00e7in gereklidir.<\/p><p>Bu yaz\u0131da, k\u00fc\u00e7\u00fck mekanlar i\u00e7in baz\u0131 pratik tasar\u0131m \u00f6nerilerini ke\u015ffedece\u011fiz. Bu ipu\u00e7lar\u0131, her metrekareyi en iyi \u015fekilde de\u011ferlendirmenize yard\u0131mc\u0131 olacak.<\/p>\t\t\t\t\t\t\t\t<\/div>\n\t\t\t\t<\/div>\n\t\t\t\t<div class=\"elementor-element elementor-element-3c42eee elementor-widget elementor-widget-heading\" data-id=\"3c42eee\" data-element_type=\"widget\" data-widget_type=\"heading.default\">\n\t\t\t\t<div class=\"elementor-widget-container\">\n\t\t\t\t\t<h4 class=\"elementor-heading-title elementor-size-default\">1. \u00c7ok Fonksiyonlu Mobilyalar Kullan\u0131n<\/h4>\t\t\t\t<\/div>\n\t\t\t\t<\/div>\n\t\t\t\t<div class=\"elementor-element elementor-element-102cf303 elementor-widget elementor-widget-text-editor\" data-id=\"102cf303\" data-element_type=\"widget\" data-widget_type=\"text-editor.default\">\n\t\t\t\t<div class=\"elementor-widget-container\">\n\t\t\t\t\t\t\t\t\t<p>K\u00fc\u00e7\u00fck bir mekanda alan\u0131 en iyi \u015fekilde de\u011ferlendirmek i\u00e7in \u00e7ok fonksiyonlu mobilyalar tercih etmek \u00e7ok \u00f6nemlidir. \u00d6rne\u011fin, a\u00e7\u0131ld\u0131\u011f\u0131nda yatak haline gelen bir kanepe, hem oturma hem de uyuma alan\u0131 olarak kullan\u0131labilir.<\/p><p>Benzer \u015fekilde, depolama alan\u0131 sunan kahve masalar\u0131, katlanabilir masalar veya rafl\u0131 yataklar, k\u00fc\u00e7\u00fck mekanlar\u0131n d\u00fczenli kalmas\u0131na yard\u0131mc\u0131 olur ve alan\u0131 daha verimli kullanman\u0131z\u0131 sa\u011flar.<\/p>\t\t\t\t\t\t\t\t<\/div>\n\t\t\t\t<\/div>\n\t\t\t\t<div class=\"elementor-element elementor-element-7a610409 elementor-widget elementor-widget-heading\" data-id=\"7a610409\" data-element_type=\"widget\" data-widget_type=\"heading.default\">\n\t\t\t\t<div class=\"elementor-widget-container\">\n\t\t\t\t\t<h4 class=\"elementor-heading-title elementor-size-default\">2. Dikey Alanlardan Yararlan\u0131n<\/h4>\t\t\t\t<\/div>\n\t\t\t\t<\/div>\n\t\t\t\t<div class=\"elementor-element elementor-element-57556763 elementor-widget elementor-widget-text-editor\" data-id=\"57556763\" data-element_type=\"widget\" data-widget_type=\"text-editor.default\">\n\t\t\t\t<div class=\"elementor-widget-container\">\n\t\t\t\t\t\t\t\t\tYatay alanlar s\u0131n\u0131rl\u0131 oldu\u011funda, dikey alanlar\u0131 de\u011ferlendirmek harika bir stratejidir. Duvar raflar\u0131, yerden tavana uzanan kitapl\u0131klar ve asma dolaplar, hem depolama alan\u0131 sa\u011flar hem de duvarlar\u0131 dekoratif bir \u015fekilde kullanman\u0131z\u0131 sa\u011flar. Ayn\u0131 zamanda, bu t\u00fcr \u00e7\u00f6z\u00fcmler odan\u0131n daha y\u00fcksek ve ferah g\u00f6r\u00fcnmesine de katk\u0131da bulunur.\t\t\t\t\t\t\t\t<\/div>\n\t\t\t\t<\/div>\n\t\t\t\t<div class=\"elementor-element elementor-element-6cc20fa elementor-widget elementor-widget-heading\" data-id=\"6cc20fa\" data-element_type=\"widget\" data-widget_type=\"heading.default\">\n\t\t\t\t<div class=\"elementor-widget-container\">\n\t\t\t\t\t<h4 class=\"elementor-heading-title elementor-size-default\">3. A\u00e7\u0131k Renk Paleti Se\u00e7in<\/h4>\t\t\t\t<\/div>\n\t\t\t\t<\/div>\n\t\t\t\t<div class=\"elementor-element elementor-element-50c46e0 elementor-widget elementor-widget-text-editor\" data-id=\"50c46e0\" data-element_type=\"widget\" data-widget_type=\"text-editor.default\">\n\t\t\t\t<div class=\"elementor-widget-container\">\n\t\t\t\t\t\t\t\t\tK\u00fc\u00e7\u00fck mekanlar i\u00e7in renk se\u00e7imi son derece \u00f6nemlidir. A\u00e7\u0131k renkler, bir odan\u0131n daha geni\u015f ve ferah g\u00f6r\u00fcnmesine yard\u0131mc\u0131 olur. Beyaz, pastel tonlar\u0131, a\u00e7\u0131k gri ve bej gibi n\u00f6tr renkler, \u0131\u015f\u0131\u011f\u0131 yans\u0131tarak mekana derinlik katar. Ayr\u0131ca, duvarlar, zemin ve mobilyalar aras\u0131nda renk uyumu sa\u011flamak, mekan\u0131n daha b\u00fcy\u00fck g\u00f6r\u00fcnmesine katk\u0131da bulunur.\t\t\t\t\t\t\t\t<\/div>\n\t\t\t\t<\/div>\n\t\t\t\t<div class=\"elementor-element elementor-element-4adafe7 elementor-widget elementor-widget-heading\" data-id=\"4adafe7\" data-element_type=\"widget\" data-widget_type=\"heading.default\">\n\t\t\t\t<div class=\"elementor-widget-container\">\n\t\t\t\t\t<h4 class=\"elementor-heading-title elementor-size-default\">4. Aynalarla Mekana Derinlik Kat\u0131n<\/h4>\t\t\t\t<\/div>\n\t\t\t\t<\/div>\n\t\t\t\t<div class=\"elementor-element elementor-element-a90505f elementor-widget elementor-widget-text-editor\" data-id=\"a90505f\" data-element_type=\"widget\" data-widget_type=\"text-editor.default\">\n\t\t\t\t<div class=\"elementor-widget-container\">\n\t\t\t\t\t\t\t\t\tAynalar, k\u00fc\u00e7\u00fck mekanlarda mucizeler yaratabilir. Stratejik olarak yerle\u015ftirilen b\u00fcy\u00fck aynalar, mekana derinlik katarak alan\u0131n daha geni\u015f g\u00f6r\u00fcnmesini sa\u011flar. \u00d6zellikle pencerelerin kar\u015f\u0131s\u0131na yerle\u015ftirilen aynalar, do\u011fal \u0131\u015f\u0131\u011f\u0131 yans\u0131tarak odan\u0131n daha ayd\u0131nl\u0131k ve ferah olmas\u0131n\u0131 sa\u011flar. Ayr\u0131ca, aynal\u0131 mobilyalar da mekanda benzer bir etki yaratabilir.\t\t\t\t\t\t\t\t<\/div>\n\t\t\t\t<\/div>\n\t\t\t\t<div class=\"elementor-element elementor-element-2b44526 elementor-widget elementor-widget-heading\" data-id=\"2b44526\" data-element_type=\"widget\" data-widget_type=\"heading.default\">\n\t\t\t\t<div class=\"elementor-widget-container\">\n\t\t\t\t\t<h4 class=\"elementor-heading-title elementor-size-default\">5. Minimalist Bir Dekorasyon Tercih Edin<\/h4>\t\t\t\t<\/div>\n\t\t\t\t<\/div>\n\t\t\t\t<div class=\"elementor-element elementor-element-051cd7f elementor-widget elementor-widget-text-editor\" data-id=\"051cd7f\" data-element_type=\"widget\" data-widget_type=\"text-editor.default\">\n\t\t\t\t<div class=\"elementor-widget-container\">\n\t\t\t\t\t\t\t\t\tK\u00fc\u00e7\u00fck alanlar i\u00e7in en etkili tasar\u0131m yakla\u015f\u0131mlar\u0131ndan biri minimalist dekorasyondur. Gereksiz e\u015fyalar\u0131 ortadan kald\u0131rarak, yaln\u0131zca ger\u00e7ekten ihtiya\u00e7 duydu\u011funuz ve sevdi\u011finiz par\u00e7alar\u0131 mekanda bulundurun. Bu, alan\u0131n daha d\u00fczenli ve ferah g\u00f6r\u00fcnmesine yard\u0131mc\u0131 olur. Ayr\u0131ca, minimalist bir tarz, k\u00fc\u00e7\u00fck mekanlara modern ve sofistike bir g\u00f6r\u00fcn\u00fcm kazand\u0131r\u0131r.\t\t\t\t\t\t\t\t<\/div>\n\t\t\t\t<\/div>\n\t\t\t\t<div class=\"elementor-element elementor-element-cf1c785 elementor-widget elementor-widget-heading\" data-id=\"cf1c785\" data-element_type=\"widget\" data-widget_type=\"heading.default\">\n\t\t\t\t<div class=\"elementor-widget-container\">\n\t\t\t\t\t<h4 class=\"elementor-heading-title elementor-size-default\">6. I\u015f\u0131\u011f\u0131 Maksimuma \u00c7\u0131kar\u0131n<\/h4>\t\t\t\t<\/div>\n\t\t\t\t<\/div>\n\t\t\t\t<div class=\"elementor-element elementor-element-4dbf2e1 elementor-widget elementor-widget-text-editor\" data-id=\"4dbf2e1\" data-element_type=\"widget\" data-widget_type=\"text-editor.default\">\n\t\t\t\t<div class=\"elementor-widget-container\">\n\t\t\t\t\t\t\t\t\tK\u00fc\u00e7\u00fck mekanlarda do\u011fal \u0131\u015f\u0131k \u00e7ok de\u011ferlidir. Pencere \u00f6nlerine yerle\u015ftirdi\u011finiz mobilyalar\u0131n \u0131\u015f\u0131\u011f\u0131 engellememesine dikkat edin. \u0130nce, hafif perdeler kullanarak \u0131\u015f\u0131\u011f\u0131n i\u00e7eri girmesine izin verin. Ayr\u0131ca, tavan \u0131\u015f\u0131klar\u0131, masa lambalar\u0131 ve yer lambalar\u0131 gibi \u00e7e\u015fitli ayd\u0131nlatma kaynaklar\u0131yla mekana katmanl\u0131 bir ayd\u0131nlatma d\u00fczeni eklemek, alan\u0131n daha b\u00fcy\u00fck ve davetkar g\u00f6r\u00fcnmesini sa\u011flar.\t\t\t\t\t\t\t\t<\/div>\n\t\t\t\t<\/div>\n\t\t\t\t<div class=\"elementor-element elementor-element-14ca63c elementor-widget elementor-widget-heading\" data-id=\"14ca63c\" data-element_type=\"widget\" data-widget_type=\"heading.default\">\n\t\t\t\t<div class=\"elementor-widget-container\">\n\t\t\t\t\t<h4 class=\"elementor-heading-title elementor-size-default\">7. A\u00e7\u0131k Alanlar\u0131 Korumaya \u00d6zen G\u00f6sterin<\/h4>\t\t\t\t<\/div>\n\t\t\t\t<\/div>\n\t\t\t\t<div class=\"elementor-element elementor-element-9e050bc elementor-widget elementor-widget-text-editor\" data-id=\"9e050bc\" data-element_type=\"widget\" data-widget_type=\"text-editor.default\">\n\t\t\t\t<div class=\"elementor-widget-container\">\n\t\t\t\t\t\t\t\t\tK\u00fc\u00e7\u00fck mekanlarda odalar aras\u0131 ak\u0131\u015f\u0131 kesmemek \u00f6nemlidir. \u00d6zellikle mutfak, oturma odas\u0131 gibi alanlarda a\u00e7\u0131k plan bir d\u00fczen tercih etmek, alan\u0131n daha geni\u015f ve ferah g\u00f6r\u00fcnmesini sa\u011flar. B\u00f6lme duvarlar yerine, a\u00e7\u0131k raf sistemleri veya mobilya yerle\u015fimiyle farkl\u0131 alanlar\u0131 birbirinden ay\u0131rabilirsiniz. Bu, hem i\u015flevsellik hem de estetik a\u00e7\u0131dan avantaj sa\u011flar.\t\t\t\t\t\t\t\t<\/div>\n\t\t\t\t<\/div>\n\t\t\t\t<div class=\"elementor-element elementor-element-10a7dcb elementor-widget elementor-widget-heading\" data-id=\"10a7dcb\" data-element_type=\"widget\" data-widget_type=\"heading.default\">\n\t\t\t\t<div class=\"elementor-widget-container\">\n\t\t\t\t\t<h4 class=\"elementor-heading-title elementor-size-default\">8. Gizli Depolama \u00c7\u00f6z\u00fcmleri Ekleyin<\/h4>\t\t\t\t<\/div>\n\t\t\t\t<\/div>\n\t\t\t\t<div class=\"elementor-element elementor-element-0f894fc elementor-widget elementor-widget-text-editor\" data-id=\"0f894fc\" data-element_type=\"widget\" data-widget_type=\"text-editor.default\">\n\t\t\t\t<div class=\"elementor-widget-container\">\n\t\t\t\t\t\t\t\t\tK\u00fc\u00e7\u00fck mekanlarda da\u011f\u0131n\u0131kl\u0131k h\u0131zla g\u00f6z yoran bir hale gelebilir. Bu nedenle, gizli depolama alanlar\u0131 yaratmak \u00f6nemlidir. Yatak alt\u0131 \u00e7ekmeceleri, katlanabilir masa ve sandalyeler, gizli dolaplar ve duvar i\u00e7ine g\u00f6m\u00fclen raflar gibi \u00e7\u00f6z\u00fcmler, hem da\u011f\u0131n\u0131kl\u0131\u011f\u0131 \u00f6nler hem de alan\u0131 verimli kullanman\u0131z\u0131 sa\u011flar. Ayr\u0131ca, bu t\u00fcr \u00e7\u00f6z\u00fcmler, mekan\u0131n daha d\u00fczenli ve organize g\u00f6r\u00fcnmesine yard\u0131mc\u0131 olur.\t\t\t\t\t\t\t\t<\/div>\n\t\t\t\t<\/div>\n\t\t\t\t<div class=\"elementor-element elementor-element-64f3078 elementor-widget elementor-widget-heading\" data-id=\"64f3078\" data-element_type=\"widget\" data-widget_type=\"heading.default\">\n\t\t\t\t<div class=\"elementor-widget-container\">\n\t\t\t\t\t<h4 class=\"elementor-heading-title elementor-size-default\">Sonu\u00e7<\/h4>\t\t\t\t<\/div>\n\t\t\t\t<\/div>\n\t\t\t\t<div class=\"elementor-element elementor-element-d99312d elementor-widget elementor-widget-text-editor\" data-id=\"d99312d\" data-element_type=\"widget\" data-widget_type=\"text-editor.default\">\n\t\t\t\t<div class=\"elementor-widget-container\">\n\t\t\t\t\t\t\t\t\tK\u00fc\u00e7\u00fck mekanlarda b\u00fcy\u00fck bir etki yaratmak, do\u011fru tasar\u0131m stratejileri ile m\u00fcmk\u00fcnd\u00fcr. Bu pratik \u00f6nerilerle, k\u00fc\u00e7\u00fck ya\u015fam alanlar\u0131n\u0131z\u0131 hem i\u015flevsel hem de estetik olarak en iyi \u015fekilde de\u011ferlendirebilirsiniz. Alan\u0131n\u0131z\u0131 planlarken hem ihtiya\u00e7lar\u0131n\u0131z\u0131 hem de ki\u015fisel tarz\u0131n\u0131z\u0131 g\u00f6z \u00f6n\u00fcnde bulundurarak, her metrekareyi de\u011ferli hale getirebilirsiniz.\t\t\t\t\t\t\t\t<\/div>\n\t\t\t\t<\/div>\n\t\t\t\t\t<\/div>\n\t\t<\/div>\n\t\t\t\t\t<\/div>\n\t\t<\/section>\n\t\t\t\t<\/div>\n\t\t","protected":false},"excerpt":{"rendered":"<p>Alan\u0131n\u0131z\u0131 Maksimuma \u00c7\u0131kar\u0131n: K\u00fc\u00e7\u00fck ya\u015fam alanlar\u0131, do\u011fru tasar\u0131m ve planlama ile son derece i\u015flevsel ve estetik hale getirilebilir. Alan s\u0131n\u0131rl\u0131 oldu\u011funda, yarat\u0131c\u0131 \u00e7\u00f6z\u00fcmler bulmak, mek\u00e2n\u0131 hem verimli kullanmak hem de rahat ve davetkar bir atmosfer yaratmak i\u00e7in gereklidir. Bu yaz\u0131da, k\u00fc\u00e7\u00fck mekanlar i\u00e7in baz\u0131 pratik tasar\u0131m \u00f6nerilerini ke\u015ffedece\u011fiz. Bu ipu\u00e7lar\u0131, her metrekareyi en iyi \u015fekilde de\u011ferlendirmenize yard\u0131mc\u0131 olacak.<\/p>\n","protected":false},"author":1,"featured_media":6240,"comment_status":"closed","ping_status":"open","sticky":false,"template":"","format":"standard","meta":{"footnotes":""},"categories":[75,77,76,78],"tags":[85,90],"class_list":["post-6381","post","type-post","status-publish","format-standard","has-post-thumbnail","hentry","category-klinik","category-ticari","category-otel","category-konut","tag-ic-mekan","tag-tasarim-ip-uclari"],"_links":{"self":[{"href":"https:\/\/www.fdmicmimarlik.com\/tr\/wp-json\/wp\/v2\/posts\/6381","targetHints":{"allow":["GET"]}}],"collection":[{"href":"https:\/\/www.fdmicmimarlik.com\/tr\/wp-json\/wp\/v2\/posts"}],"about":[{"href":"https:\/\/www.fdmicmimarlik.com\/tr\/wp-json\/wp\/v2\/types\/post"}],"author":[{"embeddable":true,"href":"https:\/\/www.fdmicmimarlik.com\/tr\/wp-json\/wp\/v2\/users\/1"}],"replies":[{"embeddable":true,"href":"https:\/\/www.fdmicmimarlik.com\/tr\/wp-json\/wp\/v2\/comments?post=6381"}],"version-history":[{"count":4,"href":"https:\/\/www.fdmicmimarlik.com\/tr\/wp-json\/wp\/v2\/posts\/6381\/revisions"}],"predecessor-version":[{"id":7424,"href":"https:\/\/www.fdmicmimarlik.com\/tr\/wp-json\/wp\/v2\/posts\/6381\/revisions\/7424"}],"wp:featuredmedia":[{"embeddable":true,"href":"https:\/\/www.fdmicmimarlik.com\/tr\/wp-json\/wp\/v2\/media\/6240"}],"wp:attachment":[{"href":"https:\/\/www.fdmicmimarlik.com\/tr\/wp-json\/wp\/v2\/media?parent=6381"}],"wp:term":[{"taxonomy":"category","embeddable":true,"href":"https:\/\/www.fdmicmimarlik.com\/tr\/wp-json\/wp\/v2\/categories?post=6381"},{"taxonomy":"post_tag","embeddable":true,"href":"https:\/\/www.fdmicmimarlik.com\/tr\/wp-json\/wp\/v2\/tags?post=6381"}],"curies":[{"name":"wp","href":"https:\/\/api.w.org\/{rel}","templated":true}]}}