{"id":6368,"date":"2024-05-06T13:46:43","date_gmt":"2024-05-06T10:46:43","guid":{"rendered":"https:\/\/ln.fdmicmimarlik.com\/how-does-the-interior-design-project-process-work\/"},"modified":"2024-08-25T08:22:37","modified_gmt":"2024-08-25T05:22:37","slug":"ic-mimari-proje-sureci-nasil-isler","status":"publish","type":"post","link":"https:\/\/www.fdmicmimarlik.com\/tr\/ic-mimari-proje-sureci-nasil-isler\/","title":{"rendered":"\u0130\u00e7 Mimari Proje S\u00fcreci Nas\u0131l \u0130\u015fler?"},"content":{"rendered":"\t\t<div data-elementor-type=\"wp-post\" data-elementor-id=\"6368\" class=\"elementor elementor-6368 elementor-5583\" data-elementor-post-type=\"post\">\n\t\t\t\t\t\t<section class=\"elementor-section elementor-top-section elementor-element elementor-element-60a93e30 elementor-section-boxed elementor-section-height-default elementor-section-height-default\" data-id=\"60a93e30\" data-element_type=\"section\">\n\t\t\t\t\t\t<div class=\"elementor-container elementor-column-gap-default\">\n\t\t\t\t\t<div class=\"elementor-column elementor-col-100 elementor-top-column elementor-element elementor-element-36ce3679\" data-id=\"36ce3679\" data-element_type=\"column\">\n\t\t\t<div class=\"elementor-widget-wrap elementor-element-populated\">\n\t\t\t\t\t\t<div class=\"elementor-element elementor-element-6b20bd26 elementor-widget elementor-widget-text-editor\" data-id=\"6b20bd26\" data-element_type=\"widget\" data-widget_type=\"text-editor.default\">\n\t\t\t\t<div class=\"elementor-widget-container\">\n\t\t\t\t\t\t\t\t\t<p>\u0130\u00e7 mimarl\u0131k, bir mekan\u0131n estetik ve i\u015flevselli\u011fini en \u00fcst seviyeye \u00e7\u0131karmak i\u00e7in tasar\u0131m ve planlama s\u00fcrecini kapsayan bir disiplindir.<\/p><p>Bir i\u00e7 mimarl\u0131k projesi, ba\u015ftan sona titizlikle planlanmas\u0131 ve uygulanmas\u0131 gereken bir\u00e7ok a\u015famadan olu\u015fur.<\/p><p>Bu yaz\u0131da, i\u00e7 mimari proje s\u00fcrecinin nas\u0131l i\u015fledi\u011fini ad\u0131m ad\u0131m ele alaca\u011f\u0131z.<\/p>\t\t\t\t\t\t\t\t<\/div>\n\t\t\t\t<\/div>\n\t\t\t\t<div class=\"elementor-element elementor-element-64af3c81 elementor-widget elementor-widget-heading\" data-id=\"64af3c81\" data-element_type=\"widget\" data-widget_type=\"heading.default\">\n\t\t\t\t<div class=\"elementor-widget-container\">\n\t\t\t\t\t<h4 class=\"elementor-heading-title elementor-size-default\">1. \u0130htiya\u00e7 Analizi ve Brief Alma<\/h4>\t\t\t\t<\/div>\n\t\t\t\t<\/div>\n\t\t\t\t<div class=\"elementor-element elementor-element-102cf303 elementor-widget elementor-widget-text-editor\" data-id=\"102cf303\" data-element_type=\"widget\" data-widget_type=\"text-editor.default\">\n\t\t\t\t<div class=\"elementor-widget-container\">\n\t\t\t\t\t\t\t\t\t<p>\u0130\u00e7 mimarl\u0131k projesinin ilk ad\u0131m\u0131, m\u00fc\u015fteri ile yap\u0131lan g\u00f6r\u00fc\u015fmelerle ba\u015flar. Bu a\u015famada, m\u00fc\u015fterinin ihtiya\u00e7lar\u0131, beklentileri, ya\u015fam tarz\u0131 ve b\u00fct\u00e7esi detayl\u0131 bir \u015fekilde analiz edilir.<\/p><p>M\u00fc\u015fterinin vizyonu ve mekandan beklentileri, tasar\u0131m s\u00fcrecine y\u00f6n veren en \u00f6nemli fakt\u00f6rlerdir. Bu g\u00f6r\u00fc\u015fmeler s\u0131ras\u0131nda, proje i\u00e7in bir taslak olu\u015fturulacak bilgiler toplan\u0131r ve proje brief&#8217;i haz\u0131rlan\u0131r.<\/p>\t\t\t\t\t\t\t\t<\/div>\n\t\t\t\t<\/div>\n\t\t\t\t<div class=\"elementor-element elementor-element-7a610409 elementor-widget elementor-widget-heading\" data-id=\"7a610409\" data-element_type=\"widget\" data-widget_type=\"heading.default\">\n\t\t\t\t<div class=\"elementor-widget-container\">\n\t\t\t\t\t<h4 class=\"elementor-heading-title elementor-size-default\">2. Konsept Geli\u015ftirme<\/h4>\t\t\t\t<\/div>\n\t\t\t\t<\/div>\n\t\t\t\t<div class=\"elementor-element elementor-element-57556763 elementor-widget elementor-widget-text-editor\" data-id=\"57556763\" data-element_type=\"widget\" data-widget_type=\"text-editor.default\">\n\t\t\t\t<div class=\"elementor-widget-container\">\n\t\t\t\t\t\t\t\t\tM\u00fc\u015fteriden al\u0131nan brief do\u011frultusunda, tasar\u0131mc\u0131lar ilk konseptleri geli\u015ftirmeye ba\u015flar. Bu a\u015famada, mekan\u0131n genel tarz\u0131, renk paleti, malzeme se\u00e7imleri ve mobilya d\u00fczeni gibi temel unsurlar belirlenir. Konsept geli\u015ftirme s\u00fcreci, genellikle birka\u00e7 farkl\u0131 tasar\u0131m alternatifinin sunulmas\u0131yla devam eder. M\u00fc\u015fteri, bu alternatifler aras\u0131ndan be\u011fendi\u011fi konsepti se\u00e7er ve proje bir sonraki a\u015famaya ge\u00e7er.\t\t\t\t\t\t\t\t<\/div>\n\t\t\t\t<\/div>\n\t\t\t\t<div class=\"elementor-element elementor-element-6cc20fa elementor-widget elementor-widget-heading\" data-id=\"6cc20fa\" data-element_type=\"widget\" data-widget_type=\"heading.default\">\n\t\t\t\t<div class=\"elementor-widget-container\">\n\t\t\t\t\t<h4 class=\"elementor-heading-title elementor-size-default\">3. Taslak \u00c7izimler ve Mekan Planlamas\u0131<\/h4>\t\t\t\t<\/div>\n\t\t\t\t<\/div>\n\t\t\t\t<div class=\"elementor-element elementor-element-50c46e0 elementor-widget elementor-widget-text-editor\" data-id=\"50c46e0\" data-element_type=\"widget\" data-widget_type=\"text-editor.default\">\n\t\t\t\t<div class=\"elementor-widget-container\">\n\t\t\t\t\t\t\t\t\tSe\u00e7ilen konsept do\u011frultusunda, mekan\u0131n taslak \u00e7izimleri yap\u0131l\u0131r. Bu \u00e7izimler, mekan\u0131n genel yerle\u015fim plan\u0131n\u0131, mobilya d\u00fczenini, duvar, zemin ve tavan kaplamalar\u0131n\u0131 i\u00e7erir. Mekan planlamas\u0131, i\u00e7 mimarinin en kritik a\u015famalar\u0131ndan biridir. Taslak \u00e7izimler, mekan\u0131n hem estetik hem de i\u015flevsellik a\u00e7\u0131s\u0131ndan en iyi \u015fekilde d\u00fczenlenmesini sa\u011flar. Bu a\u015famada, mekan\u0131n t\u00fcm detaylar\u0131 g\u00f6z \u00f6n\u00fcnde bulundurularak, en uygun \u00e7\u00f6z\u00fcmler \u00fcretilir.\t\t\t\t\t\t\t\t<\/div>\n\t\t\t\t<\/div>\n\t\t\t\t<div class=\"elementor-element elementor-element-4adafe7 elementor-widget elementor-widget-heading\" data-id=\"4adafe7\" data-element_type=\"widget\" data-widget_type=\"heading.default\">\n\t\t\t\t<div class=\"elementor-widget-container\">\n\t\t\t\t\t<h4 class=\"elementor-heading-title elementor-size-default\">4. Tasar\u0131m Geli\u015ftirme ve Detayland\u0131rma<\/h4>\t\t\t\t<\/div>\n\t\t\t\t<\/div>\n\t\t\t\t<div class=\"elementor-element elementor-element-a90505f elementor-widget elementor-widget-text-editor\" data-id=\"a90505f\" data-element_type=\"widget\" data-widget_type=\"text-editor.default\">\n\t\t\t\t<div class=\"elementor-widget-container\">\n\t\t\t\t\t\t\t\t\tTaslak \u00e7izimlerin onaylanmas\u0131n\u0131n ard\u0131ndan, proje detayland\u0131rma a\u015famas\u0131na ge\u00e7er. Bu a\u015famada, mekan\u0131n her bir alan\u0131 i\u00e7in detayl\u0131 planlar ve \u00e7izimler olu\u015fturulur. Mobilya tasar\u0131mlar\u0131, \u00f6zel \u00fcretim par\u00e7alar, ayd\u0131nlatma planlar\u0131 ve malzeme se\u00e7imleri gibi t\u00fcm detaylar bu a\u015famada belirlenir. Tasar\u0131m geli\u015ftirme s\u00fcreci, mekan\u0131n tam anlam\u0131yla hayata ge\u00e7irilmesi i\u00e7in gerekli olan t\u00fcm teknik detaylar\u0131 i\u00e7erir.\t\t\t\t\t\t\t\t<\/div>\n\t\t\t\t<\/div>\n\t\t\t\t<div class=\"elementor-element elementor-element-2b44526 elementor-widget elementor-widget-heading\" data-id=\"2b44526\" data-element_type=\"widget\" data-widget_type=\"heading.default\">\n\t\t\t\t<div class=\"elementor-widget-container\">\n\t\t\t\t\t<h4 class=\"elementor-heading-title elementor-size-default\">5. Uygulama ve Proje Y\u00f6netimi<\/h4>\t\t\t\t<\/div>\n\t\t\t\t<\/div>\n\t\t\t\t<div class=\"elementor-element elementor-element-051cd7f elementor-widget elementor-widget-text-editor\" data-id=\"051cd7f\" data-element_type=\"widget\" data-widget_type=\"text-editor.default\">\n\t\t\t\t<div class=\"elementor-widget-container\">\n\t\t\t\t\t\t\t\t\tTasar\u0131m a\u015famas\u0131n\u0131n tamamlanmas\u0131n\u0131n ard\u0131ndan, uygulama s\u00fcreci ba\u015flar. Bu a\u015famada, i\u00e7 mimar, t\u00fcm s\u00fcreci y\u00f6netir ve uygulaman\u0131n tasar\u0131ma uygun \u015fekilde ilerlemesini sa\u011flar. Uygulama a\u015famas\u0131nda, in\u015faat, dekorasyon, mobilya yerle\u015ftirme ve teknik ekipmanlar\u0131n kurulumu gibi i\u015flemler ger\u00e7ekle\u015ftirilir. Proje y\u00f6netimi, bu a\u015famada b\u00fcy\u00fck \u00f6nem ta\u015f\u0131r; \u00e7\u00fcnk\u00fc her detay\u0131n do\u011fru ve zaman\u0131nda uygulanmas\u0131, projenin ba\u015far\u0131s\u0131n\u0131 belirler.\t\t\t\t\t\t\t\t<\/div>\n\t\t\t\t<\/div>\n\t\t\t\t<div class=\"elementor-element elementor-element-323f993 elementor-widget elementor-widget-heading\" data-id=\"323f993\" data-element_type=\"widget\" data-widget_type=\"heading.default\">\n\t\t\t\t<div class=\"elementor-widget-container\">\n\t\t\t\t\t<h4 class=\"elementor-heading-title elementor-size-default\">6. Tamamlama ve Teslim<\/h4>\t\t\t\t<\/div>\n\t\t\t\t<\/div>\n\t\t\t\t<div class=\"elementor-element elementor-element-927b1b7 elementor-widget elementor-widget-text-editor\" data-id=\"927b1b7\" data-element_type=\"widget\" data-widget_type=\"text-editor.default\">\n\t\t\t\t<div class=\"elementor-widget-container\">\n\t\t\t\t\t\t\t\t\tUygulama a\u015famas\u0131n\u0131n tamamlanmas\u0131n\u0131n ard\u0131ndan, proje son kontroller yap\u0131larak tamamlan\u0131r. \u0130\u00e7 mimar, m\u00fc\u015fteriye mekan\u0131 teslim etmeden \u00f6nce t\u00fcm detaylar\u0131 g\u00f6zden ge\u00e7irir ve son r\u00f6tu\u015flar\u0131 yapar. M\u00fc\u015fterinin onay\u0131 al\u0131nd\u0131ktan sonra proje teslim edilir. Bu a\u015famada, m\u00fc\u015fteri memnuniyeti en \u00f6n planda tutulur ve projenin hedeflendi\u011fi gibi sonu\u00e7lanmas\u0131 sa\u011flan\u0131r.\t\t\t\t\t\t\t\t<\/div>\n\t\t\t\t<\/div>\n\t\t\t\t<div class=\"elementor-element elementor-element-c969b94 elementor-widget elementor-widget-heading\" data-id=\"c969b94\" data-element_type=\"widget\" data-widget_type=\"heading.default\">\n\t\t\t\t<div class=\"elementor-widget-container\">\n\t\t\t\t\t<h4 class=\"elementor-heading-title elementor-size-default\">Sonu\u00e7<\/h4>\t\t\t\t<\/div>\n\t\t\t\t<\/div>\n\t\t\t\t<div class=\"elementor-element elementor-element-663967b elementor-widget elementor-widget-text-editor\" data-id=\"663967b\" data-element_type=\"widget\" data-widget_type=\"text-editor.default\">\n\t\t\t\t<div class=\"elementor-widget-container\">\n\t\t\t\t\t\t\t\t\t\u0130\u00e7 mimari proje s\u00fcreci, disiplinli bir planlama ve uygulama gerektiren, \u00e7ok a\u015famal\u0131 bir \u00e7al\u0131\u015fmad\u0131r. Her a\u015famada detaylara verilen \u00f6nem, projenin ba\u015far\u0131s\u0131n\u0131 do\u011frudan etkiler. \u0130yi bir i\u00e7 mimarl\u0131k projesi, estetik ve i\u015flevselli\u011fi bir araya getirerek, m\u00fc\u015fterinin hayal etti\u011fi mekan\u0131 ger\u00e7e\u011fe d\u00f6n\u00fc\u015ft\u00fcrmeyi ama\u00e7lar. Bu s\u00fcre\u00e7, m\u00fc\u015fteri ve tasar\u0131mc\u0131 aras\u0131nda g\u00fc\u00e7l\u00fc bir i\u015fbirli\u011fi ile en iyi \u015fekilde sonu\u00e7lan\u0131r.\t\t\t\t\t\t\t\t<\/div>\n\t\t\t\t<\/div>\n\t\t\t\t\t<\/div>\n\t\t<\/div>\n\t\t\t\t\t<\/div>\n\t\t<\/section>\n\t\t\t\t<\/div>\n\t\t","protected":false},"excerpt":{"rendered":"<p>\u0130\u00e7 mimarl\u0131k, bir mekan\u0131n estetik ve i\u015flevselli\u011fini en \u00fcst seviyeye \u00e7\u0131karmak i\u00e7in tasar\u0131m ve planlama s\u00fcrecini kapsayan bir disiplindir. \u0130\u00e7 mimari proje s\u00fcreci, ba\u015ftan sona titizlikle planlanmas\u0131 ve uygulanmas\u0131 gereken bir\u00e7ok a\u015famadan olu\u015fur.<\/p>\n","protected":false},"author":1,"featured_media":6346,"comment_status":"closed","ping_status":"open","sticky":false,"template":"","format":"standard","meta":{"footnotes":""},"categories":[74,75,77,76,78],"tags":[79,84],"class_list":["post-6368","post","type-post","status-publish","format-standard","has-post-thumbnail","hentry","category-restoran","category-klinik","category-ticari","category-otel","category-konut","tag-ic-mimari","tag-surec"],"_links":{"self":[{"href":"https:\/\/www.fdmicmimarlik.com\/tr\/wp-json\/wp\/v2\/posts\/6368","targetHints":{"allow":["GET"]}}],"collection":[{"href":"https:\/\/www.fdmicmimarlik.com\/tr\/wp-json\/wp\/v2\/posts"}],"about":[{"href":"https:\/\/www.fdmicmimarlik.com\/tr\/wp-json\/wp\/v2\/types\/post"}],"author":[{"embeddable":true,"href":"https:\/\/www.fdmicmimarlik.com\/tr\/wp-json\/wp\/v2\/users\/1"}],"replies":[{"embeddable":true,"href":"https:\/\/www.fdmicmimarlik.com\/tr\/wp-json\/wp\/v2\/comments?post=6368"}],"version-history":[{"count":4,"href":"https:\/\/www.fdmicmimarlik.com\/tr\/wp-json\/wp\/v2\/posts\/6368\/revisions"}],"predecessor-version":[{"id":7379,"href":"https:\/\/www.fdmicmimarlik.com\/tr\/wp-json\/wp\/v2\/posts\/6368\/revisions\/7379"}],"wp:featuredmedia":[{"embeddable":true,"href":"https:\/\/www.fdmicmimarlik.com\/tr\/wp-json\/wp\/v2\/media\/6346"}],"wp:attachment":[{"href":"https:\/\/www.fdmicmimarlik.com\/tr\/wp-json\/wp\/v2\/media?parent=6368"}],"wp:term":[{"taxonomy":"category","embeddable":true,"href":"https:\/\/www.fdmicmimarlik.com\/tr\/wp-json\/wp\/v2\/categories?post=6368"},{"taxonomy":"post_tag","embeddable":true,"href":"https:\/\/www.fdmicmimarlik.com\/tr\/wp-json\/wp\/v2\/tags?post=6368"}],"curies":[{"name":"wp","href":"https:\/\/api.w.org\/{rel}","templated":true}]}}